{"id":704,"date":"2016-07-06T21:59:26","date_gmt":"2016-07-06T19:59:26","guid":{"rendered":"http:\/\/alzheimer-radebeul.de\/?p=704"},"modified":"2016-10-11T10:48:00","modified_gmt":"2016-10-11T08:48:00","slug":"fotowettbewerb","status":"publish","type":"post","link":"https:\/\/www.alzheimer-radebeul.de\/start\/fotowettbewerb\/","title":{"rendered":"Fotowettbewerb"},"content":{"rendered":"<h1>Heimat im Auge des Betrachters<\/h1>\n<div id=\"attachment_820\" style=\"width: 310px\" class=\"wp-caption alignleft\"><img loading=\"lazy\" decoding=\"async\" aria-describedby=\"caption-attachment-820\" class=\"wp-image-820 size-medium\" src=\"http:\/\/www.alzheimer-radebeul.de\/wp-content\/uploads\/fotowettbewerb-300x258.jpeg\" alt=\"Waschtag mit Oma\" width=\"300\" height=\"258\" \/><p id=\"caption-attachment-820\" class=\"wp-caption-text\">Christine Ruby &#8211; Waschtag mit Oma<\/p><\/div>\n<p>Was verstehen Sie unter dem Begriff Heimat? Ist es eine Stadt, eine Region, ein Land oder ein Kontinent? Ist es ein ganz bestimmtes Pl\u00e4tzchen oder ein pers\u00f6nlicher Gegenstand, mit dem Sie Ihre Erinnerungen f\u00fcr immer verbinden? Vielleicht etwas zu essen, das Ihre Gro\u00dfmutter kochte? Oder sind es Menschen, die Sie nie vergessen werden?<\/p>\n<p>Wir laden Hobbyfotografen jeden Alters ein, uns ein bis zwei Bilder f\u00fcr den Wettbewerb zu senden. Zu jedem eingesandten Bild sollte es eine komfortable Bildunterschrift oder eine kleine Geschichte geben.<\/p>\n<p>F\u00fcr Bilder, die f\u00fcr eine Ausstellung im Familienzentrum ausgew\u00e4hlt werden, \u00fcbernehmen wir die Kosten f\u00fcr die Entwicklung des Fotos.Au\u00dferdem wird im Rahmen des \u201eThementages Wohnen im Alter\u201c ein Publikumspreis verliehen.<\/p>\n<h2>Wir danken Jannasch Fotografie Radebeul f\u00fcr die Bereitstellung der Preise.<\/h2>\n","protected":false},"excerpt":{"rendered":"<p>Heimat im Auge des Betrachters Was verstehen Sie unter dem Begriff Heimat? Ist es eine Stadt, eine Region, ein Land oder ein Kontinent? Ist es ein ganz bestimmtes Pl\u00e4tzchen oder ein pers\u00f6nlicher Gegenstand, mit dem Sie Ihre Erinnerungen f\u00fcr immer verbinden? Vielleicht etwas zu essen, das Ihre Gro\u00dfmutter kochte? Oder sind es Menschen, die Sie [&hellip;]<\/p>\n","protected":false},"author":3,"featured_media":0,"comment_status":"closed","ping_status":"closed","sticky":false,"template":"","format":"standard","meta":{"_et_pb_use_builder":"","_et_pb_old_content":"","_et_gb_content_width":"","footnotes":""},"categories":[10],"tags":[],"class_list":["post-704","post","type-post","status-publish","format-standard","hentry","category-aktuelles"],"_links":{"self":[{"href":"https:\/\/www.alzheimer-radebeul.de\/start\/wp-json\/wp\/v2\/posts\/704","targetHints":{"allow":["GET"]}}],"collection":[{"href":"https:\/\/www.alzheimer-radebeul.de\/start\/wp-json\/wp\/v2\/posts"}],"about":[{"href":"https:\/\/www.alzheimer-radebeul.de\/start\/wp-json\/wp\/v2\/types\/post"}],"author":[{"embeddable":true,"href":"https:\/\/www.alzheimer-radebeul.de\/start\/wp-json\/wp\/v2\/users\/3"}],"replies":[{"embeddable":true,"href":"https:\/\/www.alzheimer-radebeul.de\/start\/wp-json\/wp\/v2\/comments?post=704"}],"version-history":[{"count":0,"href":"https:\/\/www.alzheimer-radebeul.de\/start\/wp-json\/wp\/v2\/posts\/704\/revisions"}],"wp:attachment":[{"href":"https:\/\/www.alzheimer-radebeul.de\/start\/wp-json\/wp\/v2\/media?parent=704"}],"wp:term":[{"taxonomy":"category","embeddable":true,"href":"https:\/\/www.alzheimer-radebeul.de\/start\/wp-json\/wp\/v2\/categories?post=704"},{"taxonomy":"post_tag","embeddable":true,"href":"https:\/\/www.alzheimer-radebeul.de\/start\/wp-json\/wp\/v2\/tags?post=704"}],"curies":[{"name":"wp","href":"https:\/\/api.w.org\/{rel}","templated":true}]}}