{"id":1234,"date":"2026-02-28T20:29:06","date_gmt":"2026-02-28T19:29:06","guid":{"rendered":"https:\/\/www.alzheimer-radebeul.de\/start\/?p=1234"},"modified":"2026-03-03T20:29:43","modified_gmt":"2026-03-03T19:29:43","slug":"waldauszeit-fuer-pflegende","status":"publish","type":"post","link":"https:\/\/www.alzheimer-radebeul.de\/start\/waldauszeit-fuer-pflegende\/","title":{"rendered":"Waldauszeit f\u00fcr Pflegende"},"content":{"rendered":"<p>[et_pb_section fb_built=&#8220;1&#8243; theme_builder_area=&#8220;post_content&#8220; _builder_version=&#8220;4.27.5&#8243; _module_preset=&#8220;default&#8220;][et_pb_row _builder_version=&#8220;4.27.5&#8243; _module_preset=&#8220;default&#8220; theme_builder_area=&#8220;post_content&#8220;][et_pb_column _builder_version=&#8220;4.27.5&#8243; _module_preset=&#8220;default&#8220; type=&#8220;4_4&#8243; theme_builder_area=&#8220;post_content&#8220;][et_pb_image src=&#8220;https:\/\/www.alzheimer-radebeul.de\/wp-content\/uploads\/cropped-cropped-cropped-Fotolia_791828_Lschmal2-1.jpg&#8220; _builder_version=&#8220;4.27.5&#8243; _module_preset=&#8220;default&#8220; theme_builder_area=&#8220;post_content&#8220; title_text=&#8220;cropped-cropped-cropped-Fotolia_791828_Lschmal2-1.jpg&#8220; hover_enabled=&#8220;0&#8243; sticky_enabled=&#8220;0&#8243;][\/et_pb_image][\/et_pb_column][\/et_pb_row][et_pb_row _builder_version=&#8220;4.27.5&#8243; _module_preset=&#8220;default&#8220; theme_builder_area=&#8220;post_content&#8220;][et_pb_column _builder_version=&#8220;4.27.5&#8243; _module_preset=&#8220;default&#8220; type=&#8220;4_4&#8243; theme_builder_area=&#8220;post_content&#8220;][et_pb_text _builder_version=&#8220;4.27.5&#8243; _module_preset=&#8220;default&#8220; theme_builder_area=&#8220;post_content&#8220; hover_enabled=&#8220;0&#8243; sticky_enabled=&#8220;0&#8243;]<\/p>\n<h2>Waldauszeit in Moritzburg<\/h2>\n<p>&nbsp;<\/p>\n<p>Wer viel f\u00fcr andere da ist, braucht auch Zeiten, um wieder bei sich selbst anzukommen. Unsere Wald-Auszeit in der wundersch\u00f6nen Umgebung von Moritzburg l\u00e4dt Sie ein, den Alltag f\u00fcr ein paar Stunden hinter sich zu lassen. Keine Verpflichtungen, kein Programm zum Abarbeiten, sondern achtsames Gehen, bewusstes Atmen und einfache Naturimpulse, die guttun.<\/p>\n<p>Gemeinsam mit der Ergotherapeutin Ines Lierath nehmen wir uns Zeit f\u00fcr kleine Pausen im Gr\u00fcnen, sp\u00fcren die wohltuende Stille des Waldes und tauschen uns in vertrauensvoller Runde aus, \u00fcber das, was tr\u00e4gt, was schwer ist und was neue Kraft schenkt.<\/p>\n<p>Diese Auszeit ist ein Angebot f\u00fcr alle, die Angeh\u00f6rige begleiten oder sich ehrenamtlich f\u00fcr Menschen mit Demenz engagieren. Es sind keine besonderen Voraussetzungen n\u00f6tig, nur bequeme Schuhe, wettergerechte Kleidung und die Bereitschaft, sich auf die Natur einzulassen.<\/p>\n<p>Anmeldung unter 0351\/83973 80<\/p>\n<p>Treffpunkt wird bei Anmeldung bekanntgegeben.<\/p>\n<p>[\/et_pb_text][\/et_pb_column][\/et_pb_row][\/et_pb_section]<\/p>\n","protected":false},"excerpt":{"rendered":"<p>Waldauszeit in Moritzburg &nbsp; Wer viel f\u00fcr andere da ist, braucht auch Zeiten, um wieder bei sich selbst anzukommen. Unsere Wald-Auszeit in der wundersch\u00f6nen Umgebung von Moritzburg l\u00e4dt Sie ein, den Alltag f\u00fcr ein paar Stunden hinter sich zu lassen. Keine Verpflichtungen, kein Programm zum Abarbeiten, sondern achtsames Gehen, bewusstes Atmen und einfache Naturimpulse, die [&hellip;]<\/p>\n","protected":false},"author":3,"featured_media":0,"comment_status":"closed","ping_status":"closed","sticky":false,"template":"","format":"standard","meta":{"_et_pb_use_builder":"on","_et_pb_old_content":"","_et_gb_content_width":"","footnotes":""},"categories":[1],"tags":[],"class_list":["post-1234","post","type-post","status-publish","format-standard","hentry","category-website"],"_links":{"self":[{"href":"https:\/\/www.alzheimer-radebeul.de\/start\/wp-json\/wp\/v2\/posts\/1234","targetHints":{"allow":["GET"]}}],"collection":[{"href":"https:\/\/www.alzheimer-radebeul.de\/start\/wp-json\/wp\/v2\/posts"}],"about":[{"href":"https:\/\/www.alzheimer-radebeul.de\/start\/wp-json\/wp\/v2\/types\/post"}],"author":[{"embeddable":true,"href":"https:\/\/www.alzheimer-radebeul.de\/start\/wp-json\/wp\/v2\/users\/3"}],"replies":[{"embeddable":true,"href":"https:\/\/www.alzheimer-radebeul.de\/start\/wp-json\/wp\/v2\/comments?post=1234"}],"version-history":[{"count":3,"href":"https:\/\/www.alzheimer-radebeul.de\/start\/wp-json\/wp\/v2\/posts\/1234\/revisions"}],"predecessor-version":[{"id":1238,"href":"https:\/\/www.alzheimer-radebeul.de\/start\/wp-json\/wp\/v2\/posts\/1234\/revisions\/1238"}],"wp:attachment":[{"href":"https:\/\/www.alzheimer-radebeul.de\/start\/wp-json\/wp\/v2\/media?parent=1234"}],"wp:term":[{"taxonomy":"category","embeddable":true,"href":"https:\/\/www.alzheimer-radebeul.de\/start\/wp-json\/wp\/v2\/categories?post=1234"},{"taxonomy":"post_tag","embeddable":true,"href":"https:\/\/www.alzheimer-radebeul.de\/start\/wp-json\/wp\/v2\/tags?post=1234"}],"curies":[{"name":"wp","href":"https:\/\/api.w.org\/{rel}","templated":true}]}}