{"id":1230,"date":"2025-06-12T16:23:46","date_gmt":"2025-06-12T14:23:46","guid":{"rendered":"https:\/\/www.alzheimer-radebeul.de\/start\/?p=1230"},"modified":"2026-03-03T20:39:41","modified_gmt":"2026-03-03T19:39:41","slug":"gartentag-im-interkulturellen-garten-coswig","status":"publish","type":"post","link":"https:\/\/www.alzheimer-radebeul.de\/start\/gartentag-im-interkulturellen-garten-coswig\/","title":{"rendered":"Gartentag im Interkulturellen Garten Coswig"},"content":{"rendered":"<p>[et_pb_section fb_built=&#8220;1&#8243; theme_builder_area=&#8220;post_content&#8220; _builder_version=&#8220;4.27.5&#8243; _module_preset=&#8220;default&#8220;][et_pb_row _builder_version=&#8220;4.27.5&#8243; _module_preset=&#8220;default&#8220; theme_builder_area=&#8220;post_content&#8220;][et_pb_column _builder_version=&#8220;4.27.5&#8243; _module_preset=&#8220;default&#8220; type=&#8220;4_4&#8243; theme_builder_area=&#8220;post_content&#8220;][et_pb_image src=&#8220;https:\/\/www.alzheimer-radebeul.de\/wp-content\/uploads\/Gartentag-Alzheimer-Ges.jpg&#8220; _builder_version=&#8220;4.27.5&#8243; _module_preset=&#8220;default&#8220; theme_builder_area=&#8220;post_content&#8220; alt=&#8220;Gartentag Alzheimer Gesellschaft&#8220; title_text=&#8220;Gartentag Alzheimer Ges&#8220; hover_enabled=&#8220;0&#8243; sticky_enabled=&#8220;0&#8243;][\/et_pb_image][\/et_pb_column][\/et_pb_row][et_pb_row _builder_version=&#8220;4.27.5&#8243; _module_preset=&#8220;default&#8220; theme_builder_area=&#8220;post_content&#8220;][et_pb_column _builder_version=&#8220;4.27.5&#8243; _module_preset=&#8220;default&#8220; type=&#8220;4_4&#8243; theme_builder_area=&#8220;post_content&#8220;][et_pb_text _builder_version=&#8220;4.27.5&#8243; _module_preset=&#8220;default&#8220; theme_builder_area=&#8220;post_content&#8220; hover_enabled=&#8220;0&#8243; sticky_enabled=&#8220;0&#8243;]<\/p>\n<h2>Gartentag f\u00fcr Menschen mit und ohne Demenz<\/h2>\n<p class=\"p1\">In einem Garten, den man besuchen kann, ist es einfach sch\u00f6n. Viele Menschen mit Demenz erinnern sich an den Lauf der Natur, an das S\u00e4en, Pflanzen und Ernten. Beim Besuch eines Gartens kommen nicht nur die Erinnerungen an Arbeit und M\u00fche, sondern auch an gem\u00fctliche Familienzeiten, an das Geborgensein mit zwitschernden V\u00f6geln, duftenden Kr\u00e4utern und sch\u00f6ne Momente beim Kaffeetrinken in der \u201egr\u00fcnen Stube\u201c.<\/p>\n<p class=\"p1\">Der interkulturelle Garten Coswig l\u00e4dt gemeinsam mit der Alzheimer Gesellschaft und dem Familienzentrum Radebeul zu einem Gartenbesuch ein. Mit einem Kr\u00e4uterquiz, einfachen Bewegungsspielen, literarischen \u00dcberraschungen und einem fruchtigen Buffet erleben Sie einen vergn\u00fcglichen Nachmittag.<\/p>\n<p class=\"p1\">Termin: Fr., 25.07.25, 15-17 Uhr<\/p>\n<p class=\"p3\"><span class=\"s1\">Ort: <\/span>Interkultureller Garten Coswig e.V., Pappelstra\u00dfe 7, 01640 Coswig bei Dresden<\/p>\n<p class=\"p1\">Kosten: Kostenfrei. Wir freuen uns \u00fcber eine Spende.<\/p>\n<p class=\"p1\">Anmeldung: 0351\/ 83 973-80 (AB),<\/p>\n<p>[\/et_pb_text][\/et_pb_column][\/et_pb_row][\/et_pb_section]<\/p>\n","protected":false},"excerpt":{"rendered":"<p>Gartentag f\u00fcr Menschen mit und ohne Demenz In einem Garten, den man besuchen kann, ist es einfach sch\u00f6n. Viele Menschen mit Demenz erinnern sich an den Lauf der Natur, an das S\u00e4en, Pflanzen und Ernten. Beim Besuch eines Gartens kommen nicht nur die Erinnerungen an Arbeit und M\u00fche, sondern auch an gem\u00fctliche Familienzeiten, an das [&hellip;]<\/p>\n","protected":false},"author":3,"featured_media":0,"comment_status":"closed","ping_status":"closed","sticky":false,"template":"","format":"standard","meta":{"_et_pb_use_builder":"on","_et_pb_old_content":"","_et_gb_content_width":"","footnotes":""},"categories":[1],"tags":[],"class_list":["post-1230","post","type-post","status-publish","format-standard","hentry","category-website"],"_links":{"self":[{"href":"https:\/\/www.alzheimer-radebeul.de\/start\/wp-json\/wp\/v2\/posts\/1230","targetHints":{"allow":["GET"]}}],"collection":[{"href":"https:\/\/www.alzheimer-radebeul.de\/start\/wp-json\/wp\/v2\/posts"}],"about":[{"href":"https:\/\/www.alzheimer-radebeul.de\/start\/wp-json\/wp\/v2\/types\/post"}],"author":[{"embeddable":true,"href":"https:\/\/www.alzheimer-radebeul.de\/start\/wp-json\/wp\/v2\/users\/3"}],"replies":[{"embeddable":true,"href":"https:\/\/www.alzheimer-radebeul.de\/start\/wp-json\/wp\/v2\/comments?post=1230"}],"version-history":[{"count":2,"href":"https:\/\/www.alzheimer-radebeul.de\/start\/wp-json\/wp\/v2\/posts\/1230\/revisions"}],"predecessor-version":[{"id":1233,"href":"https:\/\/www.alzheimer-radebeul.de\/start\/wp-json\/wp\/v2\/posts\/1230\/revisions\/1233"}],"wp:attachment":[{"href":"https:\/\/www.alzheimer-radebeul.de\/start\/wp-json\/wp\/v2\/media?parent=1230"}],"wp:term":[{"taxonomy":"category","embeddable":true,"href":"https:\/\/www.alzheimer-radebeul.de\/start\/wp-json\/wp\/v2\/categories?post=1230"},{"taxonomy":"post_tag","embeddable":true,"href":"https:\/\/www.alzheimer-radebeul.de\/start\/wp-json\/wp\/v2\/tags?post=1230"}],"curies":[{"name":"wp","href":"https:\/\/api.w.org\/{rel}","templated":true}]}}