{"id":1221,"date":"2024-08-03T20:18:37","date_gmt":"2024-08-03T18:18:37","guid":{"rendered":"https:\/\/www.alzheimer-radebeul.de\/start\/?p=1221"},"modified":"2026-03-03T20:19:14","modified_gmt":"2026-03-03T19:19:14","slug":"fotoausstellung-das-leben-ist-immer-jetzt","status":"publish","type":"post","link":"https:\/\/www.alzheimer-radebeul.de\/start\/fotoausstellung-das-leben-ist-immer-jetzt\/","title":{"rendered":"Fotoausstellung &#8222;Das Leben ist immer JETZT&#8220;"},"content":{"rendered":"\n[et_pb_section fb_built=&#8220;1&#8243; theme_builder_area=&#8220;post_content&#8220; _builder_version=&#8220;4.27.5&#8243; _module_preset=&#8220;default&#8220;][et_pb_row _builder_version=&#8220;4.27.5&#8243; _module_preset=&#8220;default&#8220; column_structure=&#8220;1_3,1_3,1_3&#8243; theme_builder_area=&#8220;post_content&#8220;][et_pb_column _builder_version=&#8220;4.27.5&#8243; _module_preset=&#8220;default&#8220; type=&#8220;1_3&#8243; theme_builder_area=&#8220;post_content&#8220;][et_pb_image src=&#8220;https:\/\/www.alzheimer-radebeul.de\/wp-content\/uploads\/IMG_5943.jpg&#8220; _builder_version=&#8220;4.27.5&#8243; _module_preset=&#8220;default&#8220; theme_builder_area=&#8220;post_content&#8220; hover_enabled=&#8220;0&#8243; sticky_enabled=&#8220;0&#8243; title_text=&#8220;IMG_5943&#8243;][\/et_pb_image][\/et_pb_column][et_pb_column _builder_version=&#8220;4.27.5&#8243; _module_preset=&#8220;default&#8220; type=&#8220;1_3&#8243; theme_builder_area=&#8220;post_content&#8220;][et_pb_image src=&#8220;https:\/\/www.alzheimer-radebeul.de\/wp-content\/uploads\/IMG_5947.jpg&#8220; _builder_version=&#8220;4.27.5&#8243; _module_preset=&#8220;default&#8220; theme_builder_area=&#8220;post_content&#8220; title_text=&#8220;IMG_5947&#8243; hover_enabled=&#8220;0&#8243; sticky_enabled=&#8220;0&#8243;][\/et_pb_image][\/et_pb_column][et_pb_column _builder_version=&#8220;4.27.5&#8243; _module_preset=&#8220;default&#8220; type=&#8220;1_3&#8243; theme_builder_area=&#8220;post_content&#8220;][et_pb_image src=&#8220;https:\/\/www.alzheimer-radebeul.de\/wp-content\/uploads\/IMG_5942.jpg&#8220; _builder_version=&#8220;4.27.5&#8243; _module_preset=&#8220;default&#8220; theme_builder_area=&#8220;post_content&#8220; title_text=&#8220;IMG_5942&#8243; hover_enabled=&#8220;0&#8243; sticky_enabled=&#8220;0&#8243;][\/et_pb_image][\/et_pb_column][\/et_pb_row][\/et_pb_section][et_pb_section fb_built=&#8220;1&#8243; theme_builder_area=&#8220;post_content&#8220; _builder_version=&#8220;4.27.5&#8243; _module_preset=&#8220;default&#8220;][et_pb_row _builder_version=&#8220;4.27.5&#8243; _module_preset=&#8220;default&#8220; theme_builder_area=&#8220;post_content&#8220; custom_margin=&#8220;-68px|auto||auto||&#8220;][et_pb_column _builder_version=&#8220;4.27.5&#8243; _module_preset=&#8220;default&#8220; type=&#8220;4_4&#8243; theme_builder_area=&#8220;post_content&#8220;][et_pb_text _builder_version=&#8220;4.27.5&#8243; _module_preset=&#8220;default&#8220; theme_builder_area=&#8220;post_content&#8220; hover_enabled=&#8220;0&#8243; sticky_enabled=&#8220;0&#8243;]<h2 class=\"p1\">Wir laden Sie und Ihre Angeh\u00f6rigen ganz herzlich zur Vernissage ein<\/h2>\n<p class=\"p1\">Bilder von Menschen mit und ohne Demenz. Der Burgenl\u00e4nder Thomas Werchota ist Pflegehelfer aus \u00dcberzeugung und Fotograf aus Leidenschaft, einer mit dem Herzen am richtigen Fleck. Durch seine sympathische, offene Art kommt er schnell mit den Menschen in Kontakt. Das zeigt sich auch in seinen Bildern. \u201eDas Leben ist ja auch mit einer Erkrankung weiterhin lebenswert. Und das richtige Umfeld tut da viel dazu!\u201c Seine Bilder machen Mut, daran zu glauben, dass Menschen mit Demenz in der Mitte unserer Gesellschaft gut aufgehoben sind, egal ob beim Boulespiel in der Stadt, beim Tanzen oder auch dann, wenn auf einer Fachtagung die Belange der Betroffenen thematisiert werden.<\/p>\n<p class=\"p1\">Termin: Mo., 06.09.24, 18-20 Uhr<\/p>\n<p class=\"p1\">Ort: Familienzentrum Radebeul, Altk\u00f6tzschenbroda 20, 01445 Radebeul<\/p>\n<p class=\"p1\">Informationen: 0351\/ 83 973-80 (AB), <a href=\"mailto:demenz@familienzentrum-radebeul.de\">demenz@familienzentrum-radebeul.de<\/a><\/p>\n<p class=\"p1\">Die Bilder k\u00f6nnen bis zum 20.04.2024 im Caf\u00e9, im Gro\u00dfen Seminarraum und im Treppenhaus betrachtet werden. Gern begleiten wir Ihren Besuch mit einem Gespr\u00e4chsangebot.<\/p>[\/et_pb_text][\/et_pb_column][\/et_pb_row][\/et_pb_section]\n","protected":false},"excerpt":{"rendered":"<p>Wir laden Sie und Ihre Angeh\u00f6rigen ganz herzlich zur Vernissage ein Bilder von Menschen mit und ohne Demenz. Der Burgenl\u00e4nder Thomas Werchota ist Pflegehelfer aus \u00dcberzeugung und Fotograf aus Leidenschaft, einer mit dem Herzen am richtigen Fleck. Durch seine sympathische, offene Art kommt er schnell mit den Menschen in Kontakt. Das zeigt sich auch in [&hellip;]<\/p>\n","protected":false},"author":3,"featured_media":0,"comment_status":"closed","ping_status":"closed","sticky":false,"template":"","format":"standard","meta":{"_et_pb_use_builder":"on","_et_pb_old_content":"","_et_gb_content_width":"","footnotes":""},"categories":[1],"tags":[],"class_list":["post-1221","post","type-post","status-publish","format-standard","hentry","category-website"],"_links":{"self":[{"href":"https:\/\/www.alzheimer-radebeul.de\/start\/wp-json\/wp\/v2\/posts\/1221","targetHints":{"allow":["GET"]}}],"collection":[{"href":"https:\/\/www.alzheimer-radebeul.de\/start\/wp-json\/wp\/v2\/posts"}],"about":[{"href":"https:\/\/www.alzheimer-radebeul.de\/start\/wp-json\/wp\/v2\/types\/post"}],"author":[{"embeddable":true,"href":"https:\/\/www.alzheimer-radebeul.de\/start\/wp-json\/wp\/v2\/users\/3"}],"replies":[{"embeddable":true,"href":"https:\/\/www.alzheimer-radebeul.de\/start\/wp-json\/wp\/v2\/comments?post=1221"}],"version-history":[{"count":3,"href":"https:\/\/www.alzheimer-radebeul.de\/start\/wp-json\/wp\/v2\/posts\/1221\/revisions"}],"predecessor-version":[{"id":1229,"href":"https:\/\/www.alzheimer-radebeul.de\/start\/wp-json\/wp\/v2\/posts\/1221\/revisions\/1229"}],"wp:attachment":[{"href":"https:\/\/www.alzheimer-radebeul.de\/start\/wp-json\/wp\/v2\/media?parent=1221"}],"wp:term":[{"taxonomy":"category","embeddable":true,"href":"https:\/\/www.alzheimer-radebeul.de\/start\/wp-json\/wp\/v2\/categories?post=1221"},{"taxonomy":"post_tag","embeddable":true,"href":"https:\/\/www.alzheimer-radebeul.de\/start\/wp-json\/wp\/v2\/tags?post=1221"}],"curies":[{"name":"wp","href":"https:\/\/api.w.org\/{rel}","templated":true}]}}