{"id":1097,"date":"2021-01-21T15:49:18","date_gmt":"2021-01-21T14:49:18","guid":{"rendered":"https:\/\/www.alzheimer-radebeul.de\/?p=1097"},"modified":"2025-01-26T19:42:12","modified_gmt":"2025-01-26T18:42:12","slug":"ausleihe-von-beschaeftigungsmaterial-ab-sofort-moeglich","status":"publish","type":"post","link":"https:\/\/www.alzheimer-radebeul.de\/start\/ausleihe-von-beschaeftigungsmaterial-ab-sofort-moeglich\/","title":{"rendered":"Ausleihe von Besch\u00e4ftigungsmaterial ab sofort m\u00f6glich"},"content":{"rendered":"\n<p><strong>Mit unserem Projekt \u201eBibliothek Demenz \u2013 Nicht ohne meine Nachbarn\u201c unterst\u00fctzen wir das b\u00fcrgerschaftliche und nachbarschaftliche Engagement in unserer Region.<\/strong><\/p>\n\n\n\n<figure class=\"wp-block-image size-large\"><img loading=\"lazy\" decoding=\"async\" width=\"1024\" height=\"586\" src=\"https:\/\/www.alzheimer-radebeul.de\/wp-content\/uploads\/Bildschirmfoto-2021-01-31-um-15.34.15-1024x586.png\" alt=\"\" class=\"wp-image-1098\" srcset=\"https:\/\/www.alzheimer-radebeul.de\/wp-content\/uploads\/Bildschirmfoto-2021-01-31-um-15.34.15-1024x586.png 1024w, https:\/\/www.alzheimer-radebeul.de\/wp-content\/uploads\/Bildschirmfoto-2021-01-31-um-15.34.15-300x172.png 300w, https:\/\/www.alzheimer-radebeul.de\/wp-content\/uploads\/Bildschirmfoto-2021-01-31-um-15.34.15-768x440.png 768w, https:\/\/www.alzheimer-radebeul.de\/wp-content\/uploads\/Bildschirmfoto-2021-01-31-um-15.34.15.png 1128w\" sizes=\"(max-width: 1024px) 100vw, 1024px\" \/><\/figure>\n\n\n\n<p>Zahlreiche ehrenamtliche Helfer:innen, Nachbar:innen und Seniorenbegleiter:innen besuchen regelm\u00e4\u00dfig Menschen mit Demenz und tragen dadurch auch in Zeiten der Kontaktbeschr\u00e4nkungen dazu bei, dass Menschen mit Demenz weiterhin gut betreut und versorgt sind.<\/p>\n\n\n\n<p>Doch aufgrund der Ma\u00dfnahmen zur Eind\u00e4mmung der Corona-Pandemie sind viele gewohnte Aktivit\u00e4ten f\u00fcr Menschen mit Demenz nicht durchf\u00fchrbar. Gruppenangebote finden nicht statt. Caf\u00e9s, Ausstellungen und andere \u00f6ffentliche Orte, an denen \u00e4ltere Menschen Qualit\u00e4tszeit verbringen, sind geschlossen. <\/p>\n\n\n\n<p>Deshalb brauchen alle diejenigen, die Menschen mit Demenz zu Hause und in Einrichtungen besuchen, seniorengerechte Materialien und Anregungen um die Zeiten der 1:1-Betreuungen gut gestalten zu k\u00f6nnen.&nbsp;<\/p>\n\n\n\n<p>Unsere \u201eBibliothek\u201c enth\u00e4lt Arbeitsmittel, zum Beispiel Spiele f\u00fcr Biografiearbeit und Ged\u00e4chtnistraining, B\u00fccher mit Ideen zur Gestaltung der Begleitung. Wir stellen die Materialien f\u00fcr alle ehrenamtlichen Helfer:innen kostenfrei leihweise zur Verf\u00fcgung. Die Materialien k\u00f6nnen jeweils f\u00fcr maximal 6 Wochen entliehen werden. <\/p>\n\n\n\n<figure class=\"wp-block-table is-style-stripes\"><table><tbody><tr><td>AZB Future Pace Media<\/td><td>Bed\u00fcrfnisfinder<\/td><\/tr><tr><td>HABA\/Wehrfritz<\/td><td>4 Jahreszeitenhefte Ged\u00e4chtnistraining<\/td><\/tr><tr><td>HABA\/Wehrfritz<\/td><td>Handgymnastik f\u00fcr Senioren<\/td><\/tr><tr><td>WGP Produktdesign<\/td><td>Tast- und F\u00fchl-Memo<\/td><\/tr><tr><td>WGP Produktdesign<\/td><td>Sprichwortw\u00fcrfel<\/td><\/tr><tr><td>WGP Produktdesign<\/td><td>P\u00e4rchen gesucht &#8211; Teekesselchen<\/td><\/tr><tr><td>WGP Produktdesign<\/td><td>Ratespiel Muckefuck und Liebest\u00f6ter<\/td><\/tr><tr><td>HABA\/Wehrfritz<\/td><td>Schlagerkarten Nonna Anna<\/td><\/tr><tr><td>HABA\/Wehrfritz<\/td><td>Quiz &#8211; Was bin ich&nbsp;<\/td><\/tr><tr><td>HABA\/Wehrfritz<\/td><td>Lebensreise<\/td><\/tr><tr><td>HABA\/Wehrfritz<\/td><td>Biografische Zeitkette Nonna Anna<\/td><\/tr><tr><td>HABA\/Wehrfritz<\/td><td>DAMALS Berufe<\/td><\/tr><tr><td>HABA\/Wehrfritz<\/td><td>DAMALS Haushalt<\/td><\/tr><tr><td>HABA\/Wehrfritz<\/td><td>Memo Deutschland Remember<\/td><\/tr><tr><td>HABA\/Wehrfritz<\/td><td>Typisch Mann, Typisch Frau&nbsp;<\/td><\/tr><tr><td>Thalia<\/td><td>Sch\u00fctzendorf: In Ruhe alt werden k\u00f6nnen<\/td><\/tr><tr><td>Thalia<\/td><td>Nehls, Kopfk\u00fcche<\/td><\/tr><tr><td>Thalia<\/td><td>Sch\u00fctzendorf: Meine Lebensverf\u00fcgung<\/td><\/tr><tr><td>WGP Produktdesign<\/td><td>Vorlesegeschichten &#8211; Familie<\/td><\/tr><tr><td>WGP Produktdesign<\/td><td>Vorlesegeschichten &#8211; Anekdoten<\/td><\/tr><tr><td>WGP Produktdesign<\/td><td>Vorlesegeschichten &#8211; Tiergeschichten<\/td><\/tr><\/tbody><\/table><\/figure>\n\n\n\n<p>Interessenten wenden sich bitte per Mail an <\/p>\n\n\n\n<p><strong>vorstand@alzheimer-radebeul.de<\/strong><\/p>\n\n\n\n<p>Diese Ma\u00dfnahme wird mitfinanziert mit Mitteln des vom Landkreis Mei\u00dfen beschlossenen Haushalts.<\/p>\n\n\n\n<p>Wir danken f\u00fcr die M\u00f6glichkeit, durch die F\u00f6rderung des Landkreises b\u00fcrgerschaftlich und nachbarschaftlich engagierten Menschen auch auf diese Weise Wertsch\u00e4tzung f\u00fcr Ihre wertvolle Arbeit vermitteln zu k\u00f6nnen.<\/p>\n","protected":false},"excerpt":{"rendered":"<p>Mit unserem Projekt \u201eBibliothek Demenz \u2013 Nicht ohne meine Nachbarn\u201c unterst\u00fctzen wir das b\u00fcrgerschaftliche und nachbarschaftliche Engagement in unserer Region. Zahlreiche ehrenamtliche Helfer:innen, Nachbar:innen und Seniorenbegleiter:innen besuchen regelm\u00e4\u00dfig Menschen mit Demenz und tragen dadurch auch in Zeiten der Kontaktbeschr\u00e4nkungen dazu bei, dass Menschen mit Demenz weiterhin gut betreut und versorgt sind. Doch aufgrund der Ma\u00dfnahmen [&hellip;]<\/p>\n","protected":false},"author":3,"featured_media":0,"comment_status":"closed","ping_status":"closed","sticky":false,"template":"","format":"standard","meta":{"_et_pb_use_builder":"","_et_pb_old_content":"","_et_gb_content_width":"","footnotes":""},"categories":[10],"tags":[],"class_list":["post-1097","post","type-post","status-publish","format-standard","hentry","category-aktuelles"],"_links":{"self":[{"href":"https:\/\/www.alzheimer-radebeul.de\/start\/wp-json\/wp\/v2\/posts\/1097","targetHints":{"allow":["GET"]}}],"collection":[{"href":"https:\/\/www.alzheimer-radebeul.de\/start\/wp-json\/wp\/v2\/posts"}],"about":[{"href":"https:\/\/www.alzheimer-radebeul.de\/start\/wp-json\/wp\/v2\/types\/post"}],"author":[{"embeddable":true,"href":"https:\/\/www.alzheimer-radebeul.de\/start\/wp-json\/wp\/v2\/users\/3"}],"replies":[{"embeddable":true,"href":"https:\/\/www.alzheimer-radebeul.de\/start\/wp-json\/wp\/v2\/comments?post=1097"}],"version-history":[{"count":1,"href":"https:\/\/www.alzheimer-radebeul.de\/start\/wp-json\/wp\/v2\/posts\/1097\/revisions"}],"predecessor-version":[{"id":1215,"href":"https:\/\/www.alzheimer-radebeul.de\/start\/wp-json\/wp\/v2\/posts\/1097\/revisions\/1215"}],"wp:attachment":[{"href":"https:\/\/www.alzheimer-radebeul.de\/start\/wp-json\/wp\/v2\/media?parent=1097"}],"wp:term":[{"taxonomy":"category","embeddable":true,"href":"https:\/\/www.alzheimer-radebeul.de\/start\/wp-json\/wp\/v2\/categories?post=1097"},{"taxonomy":"post_tag","embeddable":true,"href":"https:\/\/www.alzheimer-radebeul.de\/start\/wp-json\/wp\/v2\/tags?post=1097"}],"curies":[{"name":"wp","href":"https:\/\/api.w.org\/{rel}","templated":true}]}}