{"id":1089,"date":"2021-01-10T11:08:39","date_gmt":"2021-01-10T10:08:39","guid":{"rendered":"https:\/\/www.alzheimer-radebeul.de\/?p=1089"},"modified":"2025-01-26T19:42:21","modified_gmt":"2025-01-26T18:42:21","slug":"helferinnen-zum-verleih-von-beschaeftigungsmaterial-gesucht","status":"publish","type":"post","link":"https:\/\/www.alzheimer-radebeul.de\/start\/helferinnen-zum-verleih-von-beschaeftigungsmaterial-gesucht\/","title":{"rendered":"Helfer:innen zum Verleih von Besch\u00e4ftigungsmaterial gesucht"},"content":{"rendered":"\n<p>Um gerade in den Zeiten eingeschr\u00e4nkter Bewegungs- und Kontaktm\u00f6glichkeiten ehrenamtliche Seniorenbegleiter:innen und pflegende Angeh\u00f6rige zu unterst\u00fctzen, hat die Alzheimer Gesellschaft Radebeul eine Reihe von Spielen und Besch\u00e4ftigungsmaterialien angeschafft.<\/p>\n\n\n\n<figure class=\"wp-block-image size-large\"><img loading=\"lazy\" decoding=\"async\" width=\"1024\" height=\"768\" src=\"https:\/\/www.alzheimer-radebeul.de\/wp-content\/uploads\/IMG_1839-1024x768.jpeg\" alt=\"\" class=\"wp-image-1093\" srcset=\"https:\/\/www.alzheimer-radebeul.de\/wp-content\/uploads\/IMG_1839-1024x768.jpeg 1024w, https:\/\/www.alzheimer-radebeul.de\/wp-content\/uploads\/IMG_1839-300x225.jpeg 300w, https:\/\/www.alzheimer-radebeul.de\/wp-content\/uploads\/IMG_1839-768x576.jpeg 768w, https:\/\/www.alzheimer-radebeul.de\/wp-content\/uploads\/IMG_1839-1536x1152.jpeg 1536w, https:\/\/www.alzheimer-radebeul.de\/wp-content\/uploads\/IMG_1839-2048x1536.jpeg 2048w\" sizes=\"(max-width: 1024px) 100vw, 1024px\" \/><\/figure>\n\n\n\n<p>Wir suchen Unterst\u00fctzer:innen f\u00fcr<\/p>\n\n\n\n<ul class=\"wp-block-list\"><li>Katalogisierung der Materialien (ca. 25 Spiele und B\u00fccher)<\/li><li>Einmal monatlich Verleih und R\u00fccknahme (sobald dies wieder m\u00f6glich ist)<\/li><li>F\u00fchren einer Liste mit W\u00fcnschen f\u00fcr Neuanschaffungen<\/li><\/ul>\n\n\n\n<p>Haben Sie Interesse? Dann freuen wir uns \u00fcber eine kurze Mail an vorstand@alzheimer-radebeul.de<\/p>\n\n\n\n<p><\/p>\n\n\n\n<p><\/p>\n","protected":false},"excerpt":{"rendered":"<p>Um gerade in den Zeiten eingeschr\u00e4nkter Bewegungs- und Kontaktm\u00f6glichkeiten ehrenamtliche Seniorenbegleiter:innen und pflegende Angeh\u00f6rige zu unterst\u00fctzen, hat die Alzheimer Gesellschaft Radebeul eine Reihe von Spielen und Besch\u00e4ftigungsmaterialien angeschafft. Wir suchen Unterst\u00fctzer:innen f\u00fcr Katalogisierung der Materialien (ca. 25 Spiele und B\u00fccher) Einmal monatlich Verleih und R\u00fccknahme (sobald dies wieder m\u00f6glich ist) F\u00fchren einer Liste mit W\u00fcnschen [&hellip;]<\/p>\n","protected":false},"author":3,"featured_media":0,"comment_status":"closed","ping_status":"closed","sticky":false,"template":"","format":"standard","meta":{"_et_pb_use_builder":"","_et_pb_old_content":"","_et_gb_content_width":"","footnotes":""},"categories":[10],"tags":[],"class_list":["post-1089","post","type-post","status-publish","format-standard","hentry","category-aktuelles"],"_links":{"self":[{"href":"https:\/\/www.alzheimer-radebeul.de\/start\/wp-json\/wp\/v2\/posts\/1089","targetHints":{"allow":["GET"]}}],"collection":[{"href":"https:\/\/www.alzheimer-radebeul.de\/start\/wp-json\/wp\/v2\/posts"}],"about":[{"href":"https:\/\/www.alzheimer-radebeul.de\/start\/wp-json\/wp\/v2\/types\/post"}],"author":[{"embeddable":true,"href":"https:\/\/www.alzheimer-radebeul.de\/start\/wp-json\/wp\/v2\/users\/3"}],"replies":[{"embeddable":true,"href":"https:\/\/www.alzheimer-radebeul.de\/start\/wp-json\/wp\/v2\/comments?post=1089"}],"version-history":[{"count":1,"href":"https:\/\/www.alzheimer-radebeul.de\/start\/wp-json\/wp\/v2\/posts\/1089\/revisions"}],"predecessor-version":[{"id":1216,"href":"https:\/\/www.alzheimer-radebeul.de\/start\/wp-json\/wp\/v2\/posts\/1089\/revisions\/1216"}],"wp:attachment":[{"href":"https:\/\/www.alzheimer-radebeul.de\/start\/wp-json\/wp\/v2\/media?parent=1089"}],"wp:term":[{"taxonomy":"category","embeddable":true,"href":"https:\/\/www.alzheimer-radebeul.de\/start\/wp-json\/wp\/v2\/categories?post=1089"},{"taxonomy":"post_tag","embeddable":true,"href":"https:\/\/www.alzheimer-radebeul.de\/start\/wp-json\/wp\/v2\/tags?post=1089"}],"curies":[{"name":"wp","href":"https:\/\/api.w.org\/{rel}","templated":true}]}}