{"id":1048,"date":"2020-02-13T22:59:58","date_gmt":"2020-02-13T21:59:58","guid":{"rendered":"http:\/\/www.alzheimer-radebeul.de\/?p=1048"},"modified":"2020-02-14T07:38:15","modified_gmt":"2020-02-14T06:38:15","slug":"1048-2","status":"publish","type":"post","link":"https:\/\/www.alzheimer-radebeul.de\/start\/1048-2\/","title":{"rendered":"Fotoausstellung LEBENSANKER noch bis 3. M\u00e4rz 2020"},"content":{"rendered":"<p>Eine Mut machende Fotoausstellung \u00fcber Menschen mit Demenz und ihre Familien nach der Diagnose<\/p>\n<p>Die Mitteilung der Diagnose Demenz ist f\u00fcr viele Betroffene sehr einschneidend. Dass Vergesslichkeit, Wortfindungsst\u00f6rungen oder Schwierigkeiten im Alltag nun erkl\u00e4rbarer sind, kann f\u00fcr Betroffene und Angeh\u00f6rige erleichternd sein. Doch machen fehlende Heilungschancen und das Wissen, dass die Erkrankung langsamer oder schneller weiter fortschreiten wird, vor allem eines: Angst.<\/p>\n<p>Der Radebeuler Gespr\u00e4chskreis \u201eLebensanker\u201c schafft die M\u00f6glichkeit, diese emotionale Anspannung bei Betroffenen und ihren Angeh\u00f6rigen zu lindern. Alle 14 Tage treffen sich Menschen, die eine Demenz-Diagnose erhalten haben. Sie sprechen \u00fcber ihre aktuelle Situation und ihren Umgang mit der Erkrankung, setzen Ged\u00e4chtnistraining um und machen sich gegenseitig Mut.<\/p>\n<p>Immer geht es dabei auch darum, das zu benennen und sich daran zu orientieren, was im Alltag Freude und Kraft bereitet hat \u2013 und immer noch bereitet! Die Ausstellung zeigt, dass nicht die Erkrankung im Vordergrund steht, sondern das gemeinsame Erleben und die Verbundenheit zu den eigenen Ankern im Leben, die Kraft f\u00fcr den Alltag geben.<\/p>\n<p>Die Ausstellung ist vom 07.02. &#8211; 03.03.2020 im Familienzentrum Radebeul, Altk\u00f6tzschenbroda 20 zu sehen.<\/p>\n","protected":false},"excerpt":{"rendered":"<p>Eine Mut machende Fotoausstellung \u00fcber Menschen mit Demenz und ihre Familien nach der Diagnose Die Mitteilung der Diagnose Demenz ist f\u00fcr viele Betroffene sehr einschneidend. Dass Vergesslichkeit, Wortfindungsst\u00f6rungen oder Schwierigkeiten im Alltag nun erkl\u00e4rbarer sind, kann f\u00fcr Betroffene und Angeh\u00f6rige erleichternd sein. Doch machen fehlende Heilungschancen und das Wissen, dass die Erkrankung langsamer oder schneller [&hellip;]<\/p>\n","protected":false},"author":3,"featured_media":0,"comment_status":"closed","ping_status":"closed","sticky":false,"template":"","format":"standard","meta":{"_et_pb_use_builder":"","_et_pb_old_content":"","_et_gb_content_width":"","footnotes":""},"categories":[10],"tags":[],"class_list":["post-1048","post","type-post","status-publish","format-standard","hentry","category-aktuelles"],"_links":{"self":[{"href":"https:\/\/www.alzheimer-radebeul.de\/start\/wp-json\/wp\/v2\/posts\/1048","targetHints":{"allow":["GET"]}}],"collection":[{"href":"https:\/\/www.alzheimer-radebeul.de\/start\/wp-json\/wp\/v2\/posts"}],"about":[{"href":"https:\/\/www.alzheimer-radebeul.de\/start\/wp-json\/wp\/v2\/types\/post"}],"author":[{"embeddable":true,"href":"https:\/\/www.alzheimer-radebeul.de\/start\/wp-json\/wp\/v2\/users\/3"}],"replies":[{"embeddable":true,"href":"https:\/\/www.alzheimer-radebeul.de\/start\/wp-json\/wp\/v2\/comments?post=1048"}],"version-history":[{"count":0,"href":"https:\/\/www.alzheimer-radebeul.de\/start\/wp-json\/wp\/v2\/posts\/1048\/revisions"}],"wp:attachment":[{"href":"https:\/\/www.alzheimer-radebeul.de\/start\/wp-json\/wp\/v2\/media?parent=1048"}],"wp:term":[{"taxonomy":"category","embeddable":true,"href":"https:\/\/www.alzheimer-radebeul.de\/start\/wp-json\/wp\/v2\/categories?post=1048"},{"taxonomy":"post_tag","embeddable":true,"href":"https:\/\/www.alzheimer-radebeul.de\/start\/wp-json\/wp\/v2\/tags?post=1048"}],"curies":[{"name":"wp","href":"https:\/\/api.w.org\/{rel}","templated":true}]}}