{"id":1019,"date":"2018-09-13T14:48:10","date_gmt":"2018-09-13T12:48:10","guid":{"rendered":"http:\/\/www.alzheimer-radebeul.de\/?p=1019"},"modified":"2018-09-13T14:50:18","modified_gmt":"2018-09-13T12:50:18","slug":"samstag-22-09-2018-vortrag-mit-helga-rohra-und-workshop","status":"publish","type":"post","link":"https:\/\/www.alzheimer-radebeul.de\/start\/samstag-22-09-2018-vortrag-mit-helga-rohra-und-workshop\/","title":{"rendered":"Samstag, 22.09.2018 &#8211; Vortrag mit Helga Rohra und Workshop"},"content":{"rendered":"<p>Am 22.09.2018 begr\u00fc\u00dfen wir die Demenzaktivistin Helga Rohra, die aus Ihrem Alltag mit Lewis-Body-Demenz erz\u00e4hlt. (14.30 Uhr)<\/p>\n<p>Trotz ihrer zahlreichen gesellschaftlichen Verpflichtungen und Demenzerkrankung begleitet Helga Rohra die Radebeuler Demenzprojekte seit 2015 als Schirmherrin. Sie vermittelt eindrucksvoll, wie es m\u00f6glich sein kann, mit der Erkrankung zu leben und mit entsprechender Unterst\u00fctzung ein selbstbestimmtes Leben zu f\u00fchren.<\/p>\n<p>Im Anschluss an den Vortrag l\u00e4dt Sie die Ergotherapeutin Ines Lierath ein, in einem Workshop auszuprobieren, wie der Alltag mit Demenz gelingen kann.<\/p>\n<p><img loading=\"lazy\" decoding=\"async\" class=\"alignnone  wp-image-1013\" src=\"http:\/\/www.alzheimer-radebeul.de\/wp-content\/uploads\/Anzeige_AlzheimerGesellschaft_final-300x188.jpeg\" alt=\"\" width=\"490\" height=\"307\" srcset=\"https:\/\/www.alzheimer-radebeul.de\/wp-content\/uploads\/Anzeige_AlzheimerGesellschaft_final-300x188.jpeg 300w, https:\/\/www.alzheimer-radebeul.de\/wp-content\/uploads\/Anzeige_AlzheimerGesellschaft_final.jpeg 640w\" sizes=\"(max-width: 490px) 100vw, 490px\" \/><\/p>\n<p><img loading=\"lazy\" decoding=\"async\" class=\"alignnone size-medium wp-image-1017\" src=\"http:\/\/www.alzheimer-radebeul.de\/wp-content\/uploads\/image001-196x300.png\" alt=\"\" width=\"196\" height=\"300\" srcset=\"https:\/\/www.alzheimer-radebeul.de\/wp-content\/uploads\/image001-196x300.png 196w, https:\/\/www.alzheimer-radebeul.de\/wp-content\/uploads\/image001.png 350w\" sizes=\"(max-width: 196px) 100vw, 196px\" \/><\/p>\n<p>&nbsp;<\/p>\n","protected":false},"excerpt":{"rendered":"<p>Am 22.09.2018 begr\u00fc\u00dfen wir die Demenzaktivistin Helga Rohra, die aus Ihrem Alltag mit Lewis-Body-Demenz erz\u00e4hlt. (14.30 Uhr) Trotz ihrer zahlreichen gesellschaftlichen Verpflichtungen und Demenzerkrankung begleitet Helga Rohra die Radebeuler Demenzprojekte seit 2015 als Schirmherrin. Sie vermittelt eindrucksvoll, wie es m\u00f6glich sein kann, mit der Erkrankung zu leben und mit entsprechender Unterst\u00fctzung ein selbstbestimmtes Leben zu [&hellip;]<\/p>\n","protected":false},"author":3,"featured_media":0,"comment_status":"closed","ping_status":"closed","sticky":false,"template":"","format":"standard","meta":{"_et_pb_use_builder":"","_et_pb_old_content":"","_et_gb_content_width":"","footnotes":""},"categories":[10],"tags":[],"class_list":["post-1019","post","type-post","status-publish","format-standard","hentry","category-aktuelles"],"_links":{"self":[{"href":"https:\/\/www.alzheimer-radebeul.de\/start\/wp-json\/wp\/v2\/posts\/1019","targetHints":{"allow":["GET"]}}],"collection":[{"href":"https:\/\/www.alzheimer-radebeul.de\/start\/wp-json\/wp\/v2\/posts"}],"about":[{"href":"https:\/\/www.alzheimer-radebeul.de\/start\/wp-json\/wp\/v2\/types\/post"}],"author":[{"embeddable":true,"href":"https:\/\/www.alzheimer-radebeul.de\/start\/wp-json\/wp\/v2\/users\/3"}],"replies":[{"embeddable":true,"href":"https:\/\/www.alzheimer-radebeul.de\/start\/wp-json\/wp\/v2\/comments?post=1019"}],"version-history":[{"count":0,"href":"https:\/\/www.alzheimer-radebeul.de\/start\/wp-json\/wp\/v2\/posts\/1019\/revisions"}],"wp:attachment":[{"href":"https:\/\/www.alzheimer-radebeul.de\/start\/wp-json\/wp\/v2\/media?parent=1019"}],"wp:term":[{"taxonomy":"category","embeddable":true,"href":"https:\/\/www.alzheimer-radebeul.de\/start\/wp-json\/wp\/v2\/categories?post=1019"},{"taxonomy":"post_tag","embeddable":true,"href":"https:\/\/www.alzheimer-radebeul.de\/start\/wp-json\/wp\/v2\/tags?post=1019"}],"curies":[{"name":"wp","href":"https:\/\/api.w.org\/{rel}","templated":true}]}}