{"id":1014,"date":"2018-09-13T14:40:33","date_gmt":"2018-09-13T12:40:33","guid":{"rendered":"http:\/\/www.alzheimer-radebeul.de\/?p=1014"},"modified":"2018-09-13T14:49:17","modified_gmt":"2018-09-13T12:49:17","slug":"freitag-21-09-2019-buchlesung-mit-margot-unbescheid","status":"publish","type":"post","link":"https:\/\/www.alzheimer-radebeul.de\/start\/freitag-21-09-2019-buchlesung-mit-margot-unbescheid\/","title":{"rendered":"Freitag, 21.09.2019 &#8211; Buchlesung mit Margot Unbescheid"},"content":{"rendered":"<p>Der diesj\u00e4hrige Thementag Demenz widmet sich dem Alltag von Menschen mit Demenz und ihren Angeh\u00f6rigen.<\/p>\n<p>Wir starten am <strong>Freitag, dem\u00a021. September 2018 um 18.00 Uh<\/strong>r mit einer Buchlesung der Frankfurter Autorin Margot Unbescheid.<\/p>\n<p><strong>Weggef\u00e4hrten \u2013 damit die Reise in die Demenz gelingen kann.<br \/>\n<\/strong><strong>Stellt man sich den Alltag unter Alzheimer als gemeinsamen Reise, auf einem Weg, der beide in unbekanntes Gel\u00e4nde <\/strong><strong>f\u00fchrt vor, l\u00e4sst sich gut sehen, dass es daf\u00fcr Beistand und Vertrauen braucht. Da es den Betroffenen auf dem Weg &#8222;voran&#8220; zieht, ist der Angeh\u00f6rige, derjenige der folgt &#8211; nicht umgekehrt. Er hat herauszufinden, welche Art von Beistand seinem Betroffener im jeweiligen Zustand hilft und welche Unterst\u00fctzung er selbst braucht. So betrachtet wird <\/strong>\u00a0sofort auffallen, dass man zu einer Tour durch unbekanntes Gel\u00e4nde kaum aufbrechen kann, ohne &#8222;ortskundige Helfer&#8220; zur Seite zu haben. Und dass<b><\/b>unterwegs<b>f<\/b>\u00fcr die Bed\u00fcrfnisse BEIDER gesorgt sein muss: f\u00fcr die der Betroffenen genauso, wie f\u00fcr die ihrer Begleiter. <strong>Nur so kann die Reise \u201egelingen\u201c, wenn der<\/strong>Blick des zur\u00fcckbleibenden Partners am Ende nicht nur auf das Dunkle und Holprige des Weges fallen muss, sondern viel eher auf Episoden, die voller Lachen und wohltuender Warmherzigkeit waren. Und <b>damit darf sich in die Trauer des Abschiedes ein L\u00e4cheln mischen&#8230;.. .<\/b><\/p>\n<div id=\"attachment_1016\" style=\"width: 210px\" class=\"wp-caption alignnone\"><img loading=\"lazy\" decoding=\"async\" aria-describedby=\"caption-attachment-1016\" class=\"size-medium wp-image-1016\" src=\"http:\/\/www.alzheimer-radebeul.de\/wp-content\/uploads\/Margot-Unbescheid-200x300.jpg\" alt=\"\" width=\"200\" height=\"300\" srcset=\"https:\/\/www.alzheimer-radebeul.de\/wp-content\/uploads\/Margot-Unbescheid-200x300.jpg 200w, https:\/\/www.alzheimer-radebeul.de\/wp-content\/uploads\/Margot-Unbescheid-768x1152.jpg 768w, https:\/\/www.alzheimer-radebeul.de\/wp-content\/uploads\/Margot-Unbescheid-683x1024.jpg 683w, https:\/\/www.alzheimer-radebeul.de\/wp-content\/uploads\/Margot-Unbescheid.jpg 1632w\" sizes=\"(max-width: 200px) 100vw, 200px\" \/><p id=\"caption-attachment-1016\" class=\"wp-caption-text\">Frankfurt, 22. 11. 2016<br \/>Margot Unbescheid<\/p><\/div>\n","protected":false},"excerpt":{"rendered":"<p>Der diesj\u00e4hrige Thementag Demenz widmet sich dem Alltag von Menschen mit Demenz und ihren Angeh\u00f6rigen. Wir starten am Freitag, dem\u00a021. September 2018 um 18.00 Uhr mit einer Buchlesung der Frankfurter Autorin Margot Unbescheid. Weggef\u00e4hrten \u2013 damit die Reise in die Demenz gelingen kann. Stellt man sich den Alltag unter Alzheimer als gemeinsamen Reise, auf einem [&hellip;]<\/p>\n","protected":false},"author":3,"featured_media":0,"comment_status":"closed","ping_status":"closed","sticky":false,"template":"","format":"standard","meta":{"_et_pb_use_builder":"","_et_pb_old_content":"","_et_gb_content_width":"","footnotes":""},"categories":[10],"tags":[],"class_list":["post-1014","post","type-post","status-publish","format-standard","hentry","category-aktuelles"],"_links":{"self":[{"href":"https:\/\/www.alzheimer-radebeul.de\/start\/wp-json\/wp\/v2\/posts\/1014","targetHints":{"allow":["GET"]}}],"collection":[{"href":"https:\/\/www.alzheimer-radebeul.de\/start\/wp-json\/wp\/v2\/posts"}],"about":[{"href":"https:\/\/www.alzheimer-radebeul.de\/start\/wp-json\/wp\/v2\/types\/post"}],"author":[{"embeddable":true,"href":"https:\/\/www.alzheimer-radebeul.de\/start\/wp-json\/wp\/v2\/users\/3"}],"replies":[{"embeddable":true,"href":"https:\/\/www.alzheimer-radebeul.de\/start\/wp-json\/wp\/v2\/comments?post=1014"}],"version-history":[{"count":0,"href":"https:\/\/www.alzheimer-radebeul.de\/start\/wp-json\/wp\/v2\/posts\/1014\/revisions"}],"wp:attachment":[{"href":"https:\/\/www.alzheimer-radebeul.de\/start\/wp-json\/wp\/v2\/media?parent=1014"}],"wp:term":[{"taxonomy":"category","embeddable":true,"href":"https:\/\/www.alzheimer-radebeul.de\/start\/wp-json\/wp\/v2\/categories?post=1014"},{"taxonomy":"post_tag","embeddable":true,"href":"https:\/\/www.alzheimer-radebeul.de\/start\/wp-json\/wp\/v2\/tags?post=1014"}],"curies":[{"name":"wp","href":"https:\/\/api.w.org\/{rel}","templated":true}]}}