{"id":1008,"date":"2018-08-08T19:37:47","date_gmt":"2018-08-08T17:37:47","guid":{"rendered":"http:\/\/www.alzheimer-radebeul.de\/?p=1008"},"modified":"2025-01-26T19:42:30","modified_gmt":"2025-01-26T18:42:30","slug":"altweiberwohnen","status":"publish","type":"post","link":"https:\/\/www.alzheimer-radebeul.de\/start\/altweiberwohnen\/","title":{"rendered":"Ausstellung Altweiberwohnen"},"content":{"rendered":"<h1>Altweiberwohnen<\/h1>\n<p>Herzliche Einladung zur Ausstellungser\u00f6ffnung am Freitag, dem 10. August 2018 um 18.00 Uhr im Familienzentrum.<\/p>\n<div class=\"\">Juliane Socher und Ulrike Scherzer haben 19 alleinlebende Frauen zwischen 76 und 95 Jahren portr\u00e4tiert.<\/div>\n<div class=\"\">Als Ehrengast erwarten wir\u00a0K\u00e4the Altenkr\u00fcger aus Mei\u00dfen.<\/div>\n<div class=\"\">Die 85j\u00e4hrige Theater-Schlie\u00dferin geh\u00f6rt zu den portr\u00e4tierten Frauen. Ihr Markenzeichen? Hohe Abs\u00e4tze \ud83d\ude09<\/div>\n<div><\/div>\n<div class=\"\">Die Schauspielerin Ursula Schucht liest aus dem gleichnamigen Buch.<\/div>\n<div class=\"\"><\/div>\n<div class=\"\">Wir freuen uns, mit Ihnen ins Gespr\u00e4ch zu kommen. Schnittchen und Getr\u00e4nke gibt es nat\u00fcrlich auch.<\/div>\n<div><\/div>\n<div><img loading=\"lazy\" decoding=\"async\" class=\"alignnone size-medium wp-image-1007\" src=\"http:\/\/www.alzheimer-radebeul.de\/wp-content\/uploads\/IMG_2928-e1533749379721-225x300.jpg\" alt=\"\" width=\"225\" height=\"300\" srcset=\"https:\/\/www.alzheimer-radebeul.de\/wp-content\/uploads\/IMG_2928-e1533749379721-225x300.jpg 225w, https:\/\/www.alzheimer-radebeul.de\/wp-content\/uploads\/IMG_2928-e1533749379721-768x1024.jpg 768w\" sizes=\"(max-width: 225px) 100vw, 225px\" \/><\/div>\n","protected":false},"excerpt":{"rendered":"<p>Altweiberwohnen Herzliche Einladung zur Ausstellungser\u00f6ffnung am Freitag, dem 10. August 2018 um 18.00 Uhr im Familienzentrum. Juliane Socher und Ulrike Scherzer haben 19 alleinlebende Frauen zwischen 76 und 95 Jahren portr\u00e4tiert. Als Ehrengast erwarten wir\u00a0K\u00e4the Altenkr\u00fcger aus Mei\u00dfen. Die 85j\u00e4hrige Theater-Schlie\u00dferin geh\u00f6rt zu den portr\u00e4tierten Frauen. Ihr Markenzeichen? Hohe Abs\u00e4tze \ud83d\ude09 Die Schauspielerin Ursula Schucht [&hellip;]<\/p>\n","protected":false},"author":3,"featured_media":0,"comment_status":"closed","ping_status":"closed","sticky":false,"template":"","format":"standard","meta":{"_et_pb_use_builder":"","_et_pb_old_content":"","_et_gb_content_width":"","footnotes":""},"categories":[10],"tags":[],"class_list":["post-1008","post","type-post","status-publish","format-standard","hentry","category-aktuelles"],"_links":{"self":[{"href":"https:\/\/www.alzheimer-radebeul.de\/start\/wp-json\/wp\/v2\/posts\/1008","targetHints":{"allow":["GET"]}}],"collection":[{"href":"https:\/\/www.alzheimer-radebeul.de\/start\/wp-json\/wp\/v2\/posts"}],"about":[{"href":"https:\/\/www.alzheimer-radebeul.de\/start\/wp-json\/wp\/v2\/types\/post"}],"author":[{"embeddable":true,"href":"https:\/\/www.alzheimer-radebeul.de\/start\/wp-json\/wp\/v2\/users\/3"}],"replies":[{"embeddable":true,"href":"https:\/\/www.alzheimer-radebeul.de\/start\/wp-json\/wp\/v2\/comments?post=1008"}],"version-history":[{"count":1,"href":"https:\/\/www.alzheimer-radebeul.de\/start\/wp-json\/wp\/v2\/posts\/1008\/revisions"}],"predecessor-version":[{"id":1217,"href":"https:\/\/www.alzheimer-radebeul.de\/start\/wp-json\/wp\/v2\/posts\/1008\/revisions\/1217"}],"wp:attachment":[{"href":"https:\/\/www.alzheimer-radebeul.de\/start\/wp-json\/wp\/v2\/media?parent=1008"}],"wp:term":[{"taxonomy":"category","embeddable":true,"href":"https:\/\/www.alzheimer-radebeul.de\/start\/wp-json\/wp\/v2\/categories?post=1008"},{"taxonomy":"post_tag","embeddable":true,"href":"https:\/\/www.alzheimer-radebeul.de\/start\/wp-json\/wp\/v2\/tags?post=1008"}],"curies":[{"name":"wp","href":"https:\/\/api.w.org\/{rel}","templated":true}]}}